{"id":2339,"date":"2022-02-23T08:53:07","date_gmt":"2022-02-23T08:53:07","guid":{"rendered":"http:\/\/www.consellcastello.org\/?p=2339"},"modified":"2022-02-23T10:11:06","modified_gmt":"2022-02-23T10:11:06","slug":"asamblea-general-extraordinaria-2022","status":"publish","type":"post","link":"http:\/\/www.consellcastello.org\/val\/asamblea-general-extraordinaria-2022\/","title":{"rendered":"ASSEMBLEA GENERAL EXTRAORDIN\u00c0RIA"},"content":{"rendered":"<p><img fetchpriority=\"high\" decoding=\"async\" class=\"alignnone size-medium wp-image-2341\" src=\"http:\/\/www.consellcastello.org\/wp-content\/uploads\/2022\/02\/Assemblea-General-Extraordinaria-5-300x300.png\" alt=\"\" width=\"300\" height=\"300\" srcset=\"http:\/\/www.consellcastello.org\/wp-content\/uploads\/2022\/02\/Assemblea-General-Extraordinaria-5-300x300.png 300w, http:\/\/www.consellcastello.org\/wp-content\/uploads\/2022\/02\/Assemblea-General-Extraordinaria-5-1024x1024.png 1024w, http:\/\/www.consellcastello.org\/wp-content\/uploads\/2022\/02\/Assemblea-General-Extraordinaria-5-150x150.png 150w, http:\/\/www.consellcastello.org\/wp-content\/uploads\/2022\/02\/Assemblea-General-Extraordinaria-5-768x768.png 768w, http:\/\/www.consellcastello.org\/wp-content\/uploads\/2022\/02\/Assemblea-General-Extraordinaria-5-12x12.png 12w, http:\/\/www.consellcastello.org\/wp-content\/uploads\/2022\/02\/Assemblea-General-Extraordinaria-5.png 1080w\" sizes=\"(max-width: 300px) 100vw, 300px\" \/><\/p>\n<p class=\" translation-block\">El proper <strong>5 de mar\u00e7<\/strong>, el Consell de la Joventut de Castell\u00f3 organitzar\u00e0 la seua <strong>Assemblea General Extraordin\u00e0ria.\u00a0<\/strong><\/p>\n<h2><span style=\"color: #94c11f;\">HORARI I LLOC<\/span><\/h2>\n<p class=\" translation-block\"><strong>S\u00e1bado 5 de marzo<\/strong><br>\r\n11:00 h primera convocatoria<br>\r\n11:30 h segunda convocatoria<\/p>\n<p><span style=\"color: #000000;\"><strong>Aula 108, Menador, Plaza Hort dels Corders, Castell\u00f3<\/strong><\/span><\/p>\n<p><iframe style=\"border: 0;\" src=\"https:\/\/www.google.com\/maps\/embed?pb=!1m18!1m12!1m3!1d3057.001519442161!2d-0.04401738461713558!3d39.98607137941754!2m3!1f0!2f0!3f0!3m2!1i1024!2i768!4f13.1!3m3!1m2!1s0xd5ffe2bfe865d03%3A0x889547589aaf60f0!2sMENADOR%20espai%20cultural!5e0!3m2!1ses!2ses!4v1645608901459!5m2!1ses!2ses\" width=\"600\" height=\"450\" allowfullscreen=\"allowfullscreen\"><\/iframe><\/p>\n<h2><span style=\"color: #94c11f;\">ORDRE DEL DIA<\/span><\/h2>\n<p><a href=\"http:\/\/www.consellcastello.org\/wp-content\/uploads\/2022\/02\/Convocatoria-AGE-050322.pdf\">Convocat\u00f2ria AGE 050322<\/a><\/p>\n<p class=\" translation-block\">1. Inauguraci\u00f3 i constituci\u00f3 de la mesa de l'Assemblea General Extraordin\u00e0ria.<br>\n2. Presentaci\u00f3 i aprovaci\u00f3, si escau, de l'ordre del dia.<br>\n3. Presentaci\u00f3 i aprovaci\u00f3, si escau, de l'acta de l'Assemblea anterior.<br>\n4. Presentaci\u00f3 i aprovaci\u00f3, si escau, dels comptes anuals de l'any 2021.<br>\n5. Presentaci\u00f3 i aprovaci\u00f3, si escau, dels pressupostos de l'any 2022.<br>\n6. Presentaci\u00f3 i aprovaci\u00f3, si escau, del Pla de Treball de l'any 2022.<br>\n7. Presentaci\u00f3 i aprovaci\u00f3, si escau, de l'informe d'altes i baixes d'entitats.<br>\n8. Presentaci\u00f3 i aprovaci\u00f3, si escau, dels canvis en la Comissi\u00f3 Permanent.<br>\n9. Precs i preguntes.<br>\n10. Conclusi\u00f3 de l'Assemblea General Extraordin\u00e0ria del Consell de la Joventut de Castell\u00f3.<\/p>\n<p>A l'Assemblea poden assistir dos delegats o delegades per cada Entitat Membre de Ple Dret,\u00a0amb veu i vot i altres tantes persones convidades com es consideren (amb veu per\u00f2 sense vot),\u00a0sempre que no superen els 35 anys.<\/p>\n<p>Les acreditacions de les persones delegades i convidades es podran realitzar des del moment de la\u00a0convocat\u00f2ria de l'Assemblea fins al moment del seu comen\u00e7ament,\u00a0presencialment. Caldr\u00e0 presentar el DNI\/NIE o qualsevol altre document acreditatiu en l'entrada\u00a0de l'Assemblea. Una vegada iniciada, no es podr\u00e0 realitzar cap acreditaci\u00f3.<\/p>\n<p><iframe src=\"https:\/\/docs.google.com\/forms\/d\/e\/1FAIpQLSdzHlfr4KD3cVK5A0Ggj8ms5CnIYlbedWj71x3W3vWl4OM-PQ\/viewform?embedded=true\" width=\"640\" height=\"1420\" frameborder=\"0\" marginwidth=\"0\" marginheight=\"0\">Cargando\u2026<\/iframe><\/p>\n<p class=\" translation-block\">No obstant aix\u00f2, us recordem la import\u00e0ncia d'acreditar-se pr\u00e8viament, per motius log\u00edstics, de control d'aforament i per a assegurar totes les mesures de seguretat necess\u00e0ries. Com sabeu, per motius COVID-19, tant l'aforament de les sales com les places de l'alberg s\u00f3n m\u00e9s redu\u00efdes.<\/strong><\/p>\n<p class=\" translation-block\">La documentaci\u00f3 necess\u00e0ria per a la AGE se us enviar\u00e0 amb <strong>temps suficient<\/strong>, d'acord amb\u00a0l'ordre del dia i dins dels <strong>terminis reglament\u00e0riament establits<\/strong>. No far\u00e0 falta que porteu la documentaci\u00f3\u00a0impresa, at\u00e9s que els documents ja han sigut enviats. No se us facilitar\u00e0 cap\u00a0c\u00f2pia dels documents ja enviats.<\/p>\n<p>&nbsp;<\/p>","protected":false},"excerpt":{"rendered":"<p>El pr\u00f3ximo 5 de marzo, el Consell de la Joventut de Castell\u00f3 organizar\u00e1 su siguiente Asamblea General Extraordinaria.\u00a0 HORARIO Y LUGAR S\u00e1bado 5 de marzo 11:00 h primera convocatoria 11:30 [&hellip;]<\/p>","protected":false},"author":2,"featured_media":2341,"comment_status":"open","ping_status":"open","sticky":false,"template":"","format":"standard","meta":{"footnotes":""},"categories":[32,30],"tags":[],"class_list":["post-2339","post","type-post","status-publish","format-standard","has-post-thumbnail","hentry","category-calendario","category-noticias"],"_links":{"self":[{"href":"http:\/\/www.consellcastello.org\/val\/wp-json\/wp\/v2\/posts\/2339","targetHints":{"allow":["GET"]}}],"collection":[{"href":"http:\/\/www.consellcastello.org\/val\/wp-json\/wp\/v2\/posts"}],"about":[{"href":"http:\/\/www.consellcastello.org\/val\/wp-json\/wp\/v2\/types\/post"}],"author":[{"embeddable":true,"href":"http:\/\/www.consellcastello.org\/val\/wp-json\/wp\/v2\/users\/2"}],"replies":[{"embeddable":true,"href":"http:\/\/www.consellcastello.org\/val\/wp-json\/wp\/v2\/comments?post=2339"}],"version-history":[{"count":5,"href":"http:\/\/www.consellcastello.org\/val\/wp-json\/wp\/v2\/posts\/2339\/revisions"}],"predecessor-version":[{"id":2355,"href":"http:\/\/www.consellcastello.org\/val\/wp-json\/wp\/v2\/posts\/2339\/revisions\/2355"}],"wp:featuredmedia":[{"embeddable":true,"href":"http:\/\/www.consellcastello.org\/val\/wp-json\/wp\/v2\/media\/2341"}],"wp:attachment":[{"href":"http:\/\/www.consellcastello.org\/val\/wp-json\/wp\/v2\/media?parent=2339"}],"wp:term":[{"taxonomy":"category","embeddable":true,"href":"http:\/\/www.consellcastello.org\/val\/wp-json\/wp\/v2\/categories?post=2339"},{"taxonomy":"post_tag","embeddable":true,"href":"http:\/\/www.consellcastello.org\/val\/wp-json\/wp\/v2\/tags?post=2339"}],"curies":[{"name":"wp","href":"https:\/\/api.w.org\/{rel}","templated":true}]}}